{"id":6815,"date":"2025-10-29T11:50:19","date_gmt":"2025-10-29T15:50:19","guid":{"rendered":"https:\/\/www.ucab.edu.ve\/guayana\/?p=6815"},"modified":"2025-10-29T11:52:01","modified_gmt":"2025-10-29T15:52:01","slug":"ucab-guayana-reinaugura-sala-expositiva-con-colectiva-trayectorias-compartidas","status":"publish","type":"post","link":"https:\/\/www.ucab.edu.ve\/guayana\/ucab-guayana-reinaugura-sala-expositiva-con-colectiva-trayectorias-compartidas\/","title":{"rendered":"UCAB Guayana reinaugura Sala Expositiva con colectiva \u201cTrayectorias compartidas\u201d"},"content":{"rendered":"<h3><em><strong>El campus universitario se posiciona como centro cultural y punto de encuentro para los guayaneses<\/strong><\/em><\/h3>\n<p><!--more--><\/p>\n<p>La Universidad Cat\u00f3lica Andr\u00e9s Bello, extensi\u00f3n Guayana <strong>(UCAB Guayana), reinaugur\u00f3 su Sala Expositiva con la muestra colectiva \u201cTrayectorias Compartidas\u201d, <\/strong>que re\u00fane el trabajo de nueve artistas pl\u00e1sticos locales.<\/p>\n<p><strong>Edixo Primera, Laura Palazzi, Carlos Yusti, Luisamelia Guerra, Jorge Oberto, Juan Manuel Alcal\u00e1, Ibelitze Hern\u00e1ndez, Giovanni Berra y Mar\u00eda Eugenia Catoni (pieza de la colecci\u00f3n UCAB)<\/strong> muestran su trabajo en un espacio que luce nuevos paneles de exposici\u00f3n gracias a Fernando Eseverri y Carolina Vollmer de la Colecci\u00f3n C&amp;Fe.<\/p>\n<p><img loading=\"lazy\" decoding=\"async\" class=\"aligncenter wp-image-6818 size-full\" src=\"https:\/\/www.ucab.edu.ve\/guayana\/wp-content\/uploads\/sites\/2\/2025\/10\/MG_8679-scaled.jpg\" alt=\"\" width=\"2560\" height=\"1707\" srcset=\"https:\/\/www.ucab.edu.ve\/guayana\/wp-content\/uploads\/sites\/2\/2025\/10\/MG_8679-scaled.jpg 2560w, https:\/\/www.ucab.edu.ve\/guayana\/wp-content\/uploads\/sites\/2\/2025\/10\/MG_8679-1280x854.jpg 1280w, https:\/\/www.ucab.edu.ve\/guayana\/wp-content\/uploads\/sites\/2\/2025\/10\/MG_8679-980x653.jpg 980w, https:\/\/www.ucab.edu.ve\/guayana\/wp-content\/uploads\/sites\/2\/2025\/10\/MG_8679-480x320.jpg 480w\" sizes=\"(min-width: 0px) and (max-width: 480px) 480px, (min-width: 481px) and (max-width: 980px) 980px, (min-width: 981px) and (max-width: 1280px) 1280px, (min-width: 1281px) 2560px, 100vw\" \/><\/p>\n<p>El hombre y la relaci\u00f3n con el espacio, el ser urbano, la conexi\u00f3n con la naturaleza y la preocupaci\u00f3n por el entorno son algunos de los discursos que sugiere esta exposici\u00f3n que <strong>estar\u00e1 abierta al p\u00fablico de Ciudad Guayana hasta el pr\u00f3ximo 31 de octubre.<\/strong><\/p>\n<p>Para las autoridades de la UCAB, encabezadas por el rector Arturo Peraza S.J y Jorge Pern\u00eda Morales, vicerrector de Extensi\u00f3n Guayana, el hecho cultural ha tenido relevancia en la universidad, as\u00ed como ha facilitado el acercamiento de la comunidad a toda la agenda UCAB.<\/p>\n<p><img loading=\"lazy\" decoding=\"async\" class=\"wp-image-6819 aligncenter\" src=\"https:\/\/www.ucab.edu.ve\/guayana\/wp-content\/uploads\/sites\/2\/2025\/10\/MG_8641-scaled.jpg\" alt=\"\" width=\"791\" height=\"527\" \/><\/p>\n<p><strong>La casa de estudios apuesta al car\u00e1cter de centro cultural generando espacios para el encuentro con el arte<\/strong> tan necesarios en la actualidad en el municipio Caron\u00ed.<\/p>\n<p><img loading=\"lazy\" decoding=\"async\" class=\"aligncenter wp-image-6820 size-full\" src=\"https:\/\/www.ucab.edu.ve\/guayana\/wp-content\/uploads\/sites\/2\/2025\/10\/MG_8617-scaled.jpg\" alt=\"\" width=\"2560\" height=\"1707\" srcset=\"https:\/\/www.ucab.edu.ve\/guayana\/wp-content\/uploads\/sites\/2\/2025\/10\/MG_8617-scaled.jpg 2560w, https:\/\/www.ucab.edu.ve\/guayana\/wp-content\/uploads\/sites\/2\/2025\/10\/MG_8617-1280x854.jpg 1280w, https:\/\/www.ucab.edu.ve\/guayana\/wp-content\/uploads\/sites\/2\/2025\/10\/MG_8617-980x653.jpg 980w, https:\/\/www.ucab.edu.ve\/guayana\/wp-content\/uploads\/sites\/2\/2025\/10\/MG_8617-480x320.jpg 480w\" sizes=\"(min-width: 0px) and (max-width: 480px) 480px, (min-width: 481px) and (max-width: 980px) 980px, (min-width: 981px) and (max-width: 1280px) 1280px, (min-width: 1281px) 2560px, 100vw\" \/><\/p>\n<h1><strong>Frutos de \u00e9xito<\/strong><\/h1>\n<p><strong>La nueva cara de la sala es fruto del trabajo en equipo de Guayana y la Direcci\u00f3n General de Cultura de UCAB Montalb\u00e1n<\/strong>, se\u00f1al\u00f3 el Coordinador General de Cultura de UCAB Guayana, Juan Manuel Carvajal.<\/p>\n<p>Carvajal inform\u00f3 que lo que viene en la agenda ucabista ser\u00e1 <strong>la inauguraci\u00f3n de la exposici\u00f3n Caribe Postal en alianza con El Archivo de Caracas<\/strong> prevista para mediados de noviembre en la Sala Expositiva.<\/p>\n<p><img loading=\"lazy\" decoding=\"async\" class=\"aligncenter wp-image-6816 size-full\" src=\"https:\/\/www.ucab.edu.ve\/guayana\/wp-content\/uploads\/sites\/2\/2025\/10\/MG_8656-scaled.jpg\" alt=\"\" width=\"2560\" height=\"1707\" srcset=\"https:\/\/www.ucab.edu.ve\/guayana\/wp-content\/uploads\/sites\/2\/2025\/10\/MG_8656-scaled.jpg 2560w, https:\/\/www.ucab.edu.ve\/guayana\/wp-content\/uploads\/sites\/2\/2025\/10\/MG_8656-1280x854.jpg 1280w, https:\/\/www.ucab.edu.ve\/guayana\/wp-content\/uploads\/sites\/2\/2025\/10\/MG_8656-980x653.jpg 980w, https:\/\/www.ucab.edu.ve\/guayana\/wp-content\/uploads\/sites\/2\/2025\/10\/MG_8656-480x320.jpg 480w\" sizes=\"(min-width: 0px) and (max-width: 480px) 480px, (min-width: 481px) and (max-width: 980px) 980px, (min-width: 981px) and (max-width: 1280px) 1280px, (min-width: 1281px) 2560px, 100vw\" \/><\/p>\n<p>De esta forma, <strong>la UCAB Guayana fortalece su agenda cultural y el trabajo con las agrupaciones y artistas de Ciudad Guayana<\/strong> para consolidarse como centro de referencia en el suroriente del pa\u00eds.<\/p>\n<h2><strong>Integraci\u00f3n con los j\u00f3venes<\/strong><\/h2>\n<p><strong>\u201cTrayectorias Compartidas\u201d vino con una agenda de visitas guiadas a m\u00e1s de 150 alumnos de instituciones educativas como el Colegio Monte Sacro y Fe y Alegr\u00eda Sim\u00f3n Rodr\u00edguez.<\/strong> Adem\u00e1s, se realiz\u00f3 un taller de introducci\u00f3n al dibujo con grafito y carboncillo con la gu\u00eda del maestro Edixo Primera para 35 estudiantes de s\u00e9ptimo grado de la menci\u00f3n Artes Visuales del Colegio Fe y Alegr\u00eda Puerto Ordaz.<\/p>\n<p><strong>Edixo Primera considera importante el logro de la adecuaci\u00f3n de la Sala Expositiva ante la falta de espacios para exponer arte en el estado Bol\u00edvar<\/strong>. Saluda la iniciativa de poder compartir con las nuevas generaciones de artistas y poder ense\u00f1ar a los j\u00f3venes lo referente al dibujo y el trazo que tanto han marcado su carrera.<\/p>\n<p>La profesora Yurevelyn Le\u00f3n, coordinadora de la menci\u00f3n de Artes Visuales del Colegio Fe y Alegr\u00eda Puerto Ordaz, valora el hecho de que <strong>la UCAB Guayana abra sus puertas para atender las inquietudes de otras instituciones educativas y m\u00e1s en materia de arte<\/strong>, para que los j\u00f3venes tengan un acercamiento real con las exposiciones.<\/p>\n<p>Para conocer m\u00e1s detalles de la agenda cultural de la, puede seguir en Instagram @culturaucabgy<\/p>\n<blockquote class=\"wp-embedded-content\" data-secret=\"PTHU7EzJui\"><p><a href=\"https:\/\/www.ucab.edu.ve\/guayana\/ucab-guayana-impulsa-la-red-de-padres-aliados-por-la-calidad-educativa\/\">UCAB Guayana impulsa la Red de Padres Aliados por la Calidad Educativa<\/a><\/p><\/blockquote>\n<p><iframe loading=\"lazy\" class=\"wp-embedded-content\" sandbox=\"allow-scripts\" security=\"restricted\" style=\"position: absolute; visibility: hidden;\" title=\"\u00abUCAB Guayana impulsa la Red de Padres Aliados por la Calidad Educativa\u00bb \u2014 UCAB Guayana\" src=\"https:\/\/www.ucab.edu.ve\/guayana\/ucab-guayana-impulsa-la-red-de-padres-aliados-por-la-calidad-educativa\/embed\/#?secret=S1MHhT7Xvp#?secret=PTHU7EzJui\" data-secret=\"PTHU7EzJui\" width=\"600\" height=\"338\" frameborder=\"0\" marginwidth=\"0\" marginheight=\"0\" scrolling=\"no\"><\/iframe><\/p>\n","protected":false},"excerpt":{"rendered":"<p>El campus universitario se posiciona como centro cultural y punto de encuentro para los guayaneses<\/p>\n","protected":false},"author":20,"featured_media":6817,"comment_status":"closed","ping_status":"open","sticky":false,"template":"","format":"standard","meta":{"_et_pb_use_builder":"","_et_pb_old_content":"","_et_gb_content_width":"","inline_featured_image":false,"footnotes":""},"categories":[51],"tags":[],"class_list":["post-6815","post","type-post","status-publish","format-standard","has-post-thumbnail","hentry","category-compromiso-social"],"yoast_head":"<!-- This site is optimized with the Yoast SEO plugin v28.4 - https:\/\/yoast.com\/product\/yoast-seo-wordpress\/ -->\n<title>UCAB Guayana reinaugura Sala Expositiva con colectiva \u201cTrayectorias compartidas\u201d &#8226; UCAB Guayana<\/title>\n<meta name=\"description\" content=\"La UCAB Guayana reinaugur\u00f3 su Sala Expositiva con la muestra colectiva \u201cTrayectorias Compartidas\u201d que re\u00fane a nueve artistas pl\u00e1sticos.\" \/>\n<meta name=\"robots\" content=\"index, follow, max-snippet:-1, max-image-preview:large, max-video-preview:-1\" \/>\n<link rel=\"canonical\" href=\"https:\/\/www.ucab.edu.ve\/guayana\/ucab-guayana-reinaugura-sala-expositiva-con-colectiva-trayectorias-compartidas\/\" \/>\n<meta property=\"og:locale\" content=\"es_ES\" \/>\n<meta property=\"og:type\" content=\"article\" \/>\n<meta property=\"og:title\" content=\"UCAB Guayana reinaugura Sala Expositiva con colectiva \u201cTrayectorias compartidas\u201d &#8226; UCAB Guayana\" \/>\n<meta property=\"og:description\" content=\"La UCAB Guayana reinaugur\u00f3 su Sala Expositiva con la muestra colectiva \u201cTrayectorias Compartidas\u201d que re\u00fane a nueve artistas pl\u00e1sticos.\" \/>\n<meta property=\"og:url\" content=\"https:\/\/www.ucab.edu.ve\/guayana\/ucab-guayana-reinaugura-sala-expositiva-con-colectiva-trayectorias-compartidas\/\" \/>\n<meta property=\"og:site_name\" content=\"UCAB Guayana\" \/>\n<meta property=\"article:published_time\" content=\"2025-10-29T15:50:19+00:00\" \/>\n<meta property=\"article:modified_time\" content=\"2025-10-29T15:52:01+00:00\" \/>\n<meta property=\"og:image\" content=\"https:\/\/www.ucab.edu.ve\/guayana\/wp-content\/uploads\/sites\/2\/2025\/10\/MG_8675-scaled.jpg\" \/>\n\t<meta property=\"og:image:width\" content=\"2560\" \/>\n\t<meta property=\"og:image:height\" content=\"1706\" \/>\n\t<meta property=\"og:image:type\" content=\"image\/jpeg\" \/>\n<meta name=\"author\" content=\"Comunicaciones UCAB Guayana\" \/>\n<meta name=\"twitter:card\" content=\"summary_large_image\" \/>\n<meta name=\"twitter:label1\" content=\"Escrito por\" \/>\n\t<meta name=\"twitter:data1\" content=\"Comunicaciones UCAB Guayana\" \/>\n\t<meta name=\"twitter:label2\" content=\"Tiempo de lectura\" \/>\n\t<meta name=\"twitter:data2\" content=\"4 minutos\" \/>\n<script type=\"application\/ld+json\" class=\"yoast-schema-graph\">{\"@context\":\"https:\\\/\\\/schema.org\",\"@graph\":[{\"@type\":\"Article\",\"@id\":\"https:\\\/\\\/www.ucab.edu.ve\\\/guayana\\\/ucab-guayana-reinaugura-sala-expositiva-con-colectiva-trayectorias-compartidas\\\/#article\",\"isPartOf\":{\"@id\":\"https:\\\/\\\/www.ucab.edu.ve\\\/guayana\\\/ucab-guayana-reinaugura-sala-expositiva-con-colectiva-trayectorias-compartidas\\\/\"},\"author\":{\"name\":\"Comunicaciones UCAB Guayana\",\"@id\":\"https:\\\/\\\/www.ucab.edu.ve\\\/guayana\\\/#\\\/schema\\\/person\\\/c5af52103b429c6c63987ac0a65ea6ff\"},\"headline\":\"UCAB Guayana reinaugura Sala Expositiva con colectiva \u201cTrayectorias compartidas\u201d\",\"datePublished\":\"2025-10-29T15:50:19+00:00\",\"dateModified\":\"2025-10-29T15:52:01+00:00\",\"mainEntityOfPage\":{\"@id\":\"https:\\\/\\\/www.ucab.edu.ve\\\/guayana\\\/ucab-guayana-reinaugura-sala-expositiva-con-colectiva-trayectorias-compartidas\\\/\"},\"wordCount\":570,\"image\":{\"@id\":\"https:\\\/\\\/www.ucab.edu.ve\\\/guayana\\\/ucab-guayana-reinaugura-sala-expositiva-con-colectiva-trayectorias-compartidas\\\/#primaryimage\"},\"thumbnailUrl\":\"https:\\\/\\\/www.ucab.edu.ve\\\/guayana\\\/wp-content\\\/uploads\\\/sites\\\/2\\\/2025\\\/10\\\/MG_8675-scaled.jpg\",\"articleSection\":[\"Compromiso Social\"],\"inLanguage\":\"es\"},{\"@type\":\"WebPage\",\"@id\":\"https:\\\/\\\/www.ucab.edu.ve\\\/guayana\\\/ucab-guayana-reinaugura-sala-expositiva-con-colectiva-trayectorias-compartidas\\\/\",\"url\":\"https:\\\/\\\/www.ucab.edu.ve\\\/guayana\\\/ucab-guayana-reinaugura-sala-expositiva-con-colectiva-trayectorias-compartidas\\\/\",\"name\":\"UCAB Guayana reinaugura Sala Expositiva con colectiva \u201cTrayectorias compartidas\u201d &#8226; UCAB Guayana\",\"isPartOf\":{\"@id\":\"https:\\\/\\\/www.ucab.edu.ve\\\/guayana\\\/#website\"},\"primaryImageOfPage\":{\"@id\":\"https:\\\/\\\/www.ucab.edu.ve\\\/guayana\\\/ucab-guayana-reinaugura-sala-expositiva-con-colectiva-trayectorias-compartidas\\\/#primaryimage\"},\"image\":{\"@id\":\"https:\\\/\\\/www.ucab.edu.ve\\\/guayana\\\/ucab-guayana-reinaugura-sala-expositiva-con-colectiva-trayectorias-compartidas\\\/#primaryimage\"},\"thumbnailUrl\":\"https:\\\/\\\/www.ucab.edu.ve\\\/guayana\\\/wp-content\\\/uploads\\\/sites\\\/2\\\/2025\\\/10\\\/MG_8675-scaled.jpg\",\"datePublished\":\"2025-10-29T15:50:19+00:00\",\"dateModified\":\"2025-10-29T15:52:01+00:00\",\"author\":{\"@id\":\"https:\\\/\\\/www.ucab.edu.ve\\\/guayana\\\/#\\\/schema\\\/person\\\/c5af52103b429c6c63987ac0a65ea6ff\"},\"description\":\"La UCAB Guayana reinaugur\u00f3 su Sala Expositiva con la muestra colectiva \u201cTrayectorias Compartidas\u201d que re\u00fane a nueve artistas pl\u00e1sticos.\",\"breadcrumb\":{\"@id\":\"https:\\\/\\\/www.ucab.edu.ve\\\/guayana\\\/ucab-guayana-reinaugura-sala-expositiva-con-colectiva-trayectorias-compartidas\\\/#breadcrumb\"},\"inLanguage\":\"es\",\"potentialAction\":[{\"@type\":\"ReadAction\",\"target\":[\"https:\\\/\\\/www.ucab.edu.ve\\\/guayana\\\/ucab-guayana-reinaugura-sala-expositiva-con-colectiva-trayectorias-compartidas\\\/\"]}]},{\"@type\":\"ImageObject\",\"inLanguage\":\"es\",\"@id\":\"https:\\\/\\\/www.ucab.edu.ve\\\/guayana\\\/ucab-guayana-reinaugura-sala-expositiva-con-colectiva-trayectorias-compartidas\\\/#primaryimage\",\"url\":\"https:\\\/\\\/www.ucab.edu.ve\\\/guayana\\\/wp-content\\\/uploads\\\/sites\\\/2\\\/2025\\\/10\\\/MG_8675-scaled.jpg\",\"contentUrl\":\"https:\\\/\\\/www.ucab.edu.ve\\\/guayana\\\/wp-content\\\/uploads\\\/sites\\\/2\\\/2025\\\/10\\\/MG_8675-scaled.jpg\",\"width\":2560,\"height\":1706},{\"@type\":\"BreadcrumbList\",\"@id\":\"https:\\\/\\\/www.ucab.edu.ve\\\/guayana\\\/ucab-guayana-reinaugura-sala-expositiva-con-colectiva-trayectorias-compartidas\\\/#breadcrumb\",\"itemListElement\":[{\"@type\":\"ListItem\",\"position\":1,\"name\":\"Portada\",\"item\":\"https:\\\/\\\/www.ucab.edu.ve\\\/guayana\\\/\"},{\"@type\":\"ListItem\",\"position\":2,\"name\":\"UCAB Guayana reinaugura Sala Expositiva con colectiva \u201cTrayectorias compartidas\u201d\"}]},{\"@type\":\"WebSite\",\"@id\":\"https:\\\/\\\/www.ucab.edu.ve\\\/guayana\\\/#website\",\"url\":\"https:\\\/\\\/www.ucab.edu.ve\\\/guayana\\\/\",\"name\":\"UCAB Guayana\",\"description\":\"UCAB Guayana\",\"potentialAction\":[{\"@type\":\"SearchAction\",\"target\":{\"@type\":\"EntryPoint\",\"urlTemplate\":\"https:\\\/\\\/www.ucab.edu.ve\\\/guayana\\\/?s={search_term_string}\"},\"query-input\":{\"@type\":\"PropertyValueSpecification\",\"valueRequired\":true,\"valueName\":\"search_term_string\"}}],\"inLanguage\":\"es\"},{\"@type\":\"Person\",\"@id\":\"https:\\\/\\\/www.ucab.edu.ve\\\/guayana\\\/#\\\/schema\\\/person\\\/c5af52103b429c6c63987ac0a65ea6ff\",\"name\":\"Comunicaciones UCAB Guayana\",\"image\":{\"@type\":\"ImageObject\",\"inLanguage\":\"es\",\"@id\":\"https:\\\/\\\/secure.gravatar.com\\\/avatar\\\/1c18876abbb50cb8b96fe2ea1a5f4b4234c08131186bcff5b1ebfd3ae8ee3d4a?s=96&d=identicon&r=g\",\"url\":\"https:\\\/\\\/secure.gravatar.com\\\/avatar\\\/1c18876abbb50cb8b96fe2ea1a5f4b4234c08131186bcff5b1ebfd3ae8ee3d4a?s=96&d=identicon&r=g\",\"contentUrl\":\"https:\\\/\\\/secure.gravatar.com\\\/avatar\\\/1c18876abbb50cb8b96fe2ea1a5f4b4234c08131186bcff5b1ebfd3ae8ee3d4a?s=96&d=identicon&r=g\",\"caption\":\"Comunicaciones UCAB Guayana\"},\"url\":\"https:\\\/\\\/www.ucab.edu.ve\\\/guayana\\\/autor\\\/rurbanej\\\/\"}]}<\/script>\n<!-- \/ Yoast SEO plugin. -->","yoast_head_json":{"title":"UCAB Guayana reinaugura Sala Expositiva con colectiva \u201cTrayectorias compartidas\u201d &#8226; UCAB Guayana","description":"La UCAB Guayana reinaugur\u00f3 su Sala Expositiva con la muestra colectiva \u201cTrayectorias Compartidas\u201d que re\u00fane a nueve artistas pl\u00e1sticos.","robots":{"index":"index","follow":"follow","max-snippet":"max-snippet:-1","max-image-preview":"max-image-preview:large","max-video-preview":"max-video-preview:-1"},"canonical":"https:\/\/www.ucab.edu.ve\/guayana\/ucab-guayana-reinaugura-sala-expositiva-con-colectiva-trayectorias-compartidas\/","og_locale":"es_ES","og_type":"article","og_title":"UCAB Guayana reinaugura Sala Expositiva con colectiva \u201cTrayectorias compartidas\u201d &#8226; UCAB Guayana","og_description":"La UCAB Guayana reinaugur\u00f3 su Sala Expositiva con la muestra colectiva \u201cTrayectorias Compartidas\u201d que re\u00fane a nueve artistas pl\u00e1sticos.","og_url":"https:\/\/www.ucab.edu.ve\/guayana\/ucab-guayana-reinaugura-sala-expositiva-con-colectiva-trayectorias-compartidas\/","og_site_name":"UCAB Guayana","article_published_time":"2025-10-29T15:50:19+00:00","article_modified_time":"2025-10-29T15:52:01+00:00","og_image":[{"width":2560,"height":1706,"url":"https:\/\/www.ucab.edu.ve\/guayana\/wp-content\/uploads\/sites\/2\/2025\/10\/MG_8675-scaled.jpg","type":"image\/jpeg"}],"author":"Comunicaciones UCAB Guayana","twitter_card":"summary_large_image","twitter_misc":{"Escrito por":"Comunicaciones UCAB Guayana","Tiempo de lectura":"4 minutos"},"schema":{"@context":"https:\/\/schema.org","@graph":[{"@type":"Article","@id":"https:\/\/www.ucab.edu.ve\/guayana\/ucab-guayana-reinaugura-sala-expositiva-con-colectiva-trayectorias-compartidas\/#article","isPartOf":{"@id":"https:\/\/www.ucab.edu.ve\/guayana\/ucab-guayana-reinaugura-sala-expositiva-con-colectiva-trayectorias-compartidas\/"},"author":{"name":"Comunicaciones UCAB Guayana","@id":"https:\/\/www.ucab.edu.ve\/guayana\/#\/schema\/person\/c5af52103b429c6c63987ac0a65ea6ff"},"headline":"UCAB Guayana reinaugura Sala Expositiva con colectiva \u201cTrayectorias compartidas\u201d","datePublished":"2025-10-29T15:50:19+00:00","dateModified":"2025-10-29T15:52:01+00:00","mainEntityOfPage":{"@id":"https:\/\/www.ucab.edu.ve\/guayana\/ucab-guayana-reinaugura-sala-expositiva-con-colectiva-trayectorias-compartidas\/"},"wordCount":570,"image":{"@id":"https:\/\/www.ucab.edu.ve\/guayana\/ucab-guayana-reinaugura-sala-expositiva-con-colectiva-trayectorias-compartidas\/#primaryimage"},"thumbnailUrl":"https:\/\/www.ucab.edu.ve\/guayana\/wp-content\/uploads\/sites\/2\/2025\/10\/MG_8675-scaled.jpg","articleSection":["Compromiso Social"],"inLanguage":"es"},{"@type":"WebPage","@id":"https:\/\/www.ucab.edu.ve\/guayana\/ucab-guayana-reinaugura-sala-expositiva-con-colectiva-trayectorias-compartidas\/","url":"https:\/\/www.ucab.edu.ve\/guayana\/ucab-guayana-reinaugura-sala-expositiva-con-colectiva-trayectorias-compartidas\/","name":"UCAB Guayana reinaugura Sala Expositiva con colectiva \u201cTrayectorias compartidas\u201d &#8226; UCAB Guayana","isPartOf":{"@id":"https:\/\/www.ucab.edu.ve\/guayana\/#website"},"primaryImageOfPage":{"@id":"https:\/\/www.ucab.edu.ve\/guayana\/ucab-guayana-reinaugura-sala-expositiva-con-colectiva-trayectorias-compartidas\/#primaryimage"},"image":{"@id":"https:\/\/www.ucab.edu.ve\/guayana\/ucab-guayana-reinaugura-sala-expositiva-con-colectiva-trayectorias-compartidas\/#primaryimage"},"thumbnailUrl":"https:\/\/www.ucab.edu.ve\/guayana\/wp-content\/uploads\/sites\/2\/2025\/10\/MG_8675-scaled.jpg","datePublished":"2025-10-29T15:50:19+00:00","dateModified":"2025-10-29T15:52:01+00:00","author":{"@id":"https:\/\/www.ucab.edu.ve\/guayana\/#\/schema\/person\/c5af52103b429c6c63987ac0a65ea6ff"},"description":"La UCAB Guayana reinaugur\u00f3 su Sala Expositiva con la muestra colectiva \u201cTrayectorias Compartidas\u201d que re\u00fane a nueve artistas pl\u00e1sticos.","breadcrumb":{"@id":"https:\/\/www.ucab.edu.ve\/guayana\/ucab-guayana-reinaugura-sala-expositiva-con-colectiva-trayectorias-compartidas\/#breadcrumb"},"inLanguage":"es","potentialAction":[{"@type":"ReadAction","target":["https:\/\/www.ucab.edu.ve\/guayana\/ucab-guayana-reinaugura-sala-expositiva-con-colectiva-trayectorias-compartidas\/"]}]},{"@type":"ImageObject","inLanguage":"es","@id":"https:\/\/www.ucab.edu.ve\/guayana\/ucab-guayana-reinaugura-sala-expositiva-con-colectiva-trayectorias-compartidas\/#primaryimage","url":"https:\/\/www.ucab.edu.ve\/guayana\/wp-content\/uploads\/sites\/2\/2025\/10\/MG_8675-scaled.jpg","contentUrl":"https:\/\/www.ucab.edu.ve\/guayana\/wp-content\/uploads\/sites\/2\/2025\/10\/MG_8675-scaled.jpg","width":2560,"height":1706},{"@type":"BreadcrumbList","@id":"https:\/\/www.ucab.edu.ve\/guayana\/ucab-guayana-reinaugura-sala-expositiva-con-colectiva-trayectorias-compartidas\/#breadcrumb","itemListElement":[{"@type":"ListItem","position":1,"name":"Portada","item":"https:\/\/www.ucab.edu.ve\/guayana\/"},{"@type":"ListItem","position":2,"name":"UCAB Guayana reinaugura Sala Expositiva con colectiva \u201cTrayectorias compartidas\u201d"}]},{"@type":"WebSite","@id":"https:\/\/www.ucab.edu.ve\/guayana\/#website","url":"https:\/\/www.ucab.edu.ve\/guayana\/","name":"UCAB Guayana","description":"UCAB Guayana","potentialAction":[{"@type":"SearchAction","target":{"@type":"EntryPoint","urlTemplate":"https:\/\/www.ucab.edu.ve\/guayana\/?s={search_term_string}"},"query-input":{"@type":"PropertyValueSpecification","valueRequired":true,"valueName":"search_term_string"}}],"inLanguage":"es"},{"@type":"Person","@id":"https:\/\/www.ucab.edu.ve\/guayana\/#\/schema\/person\/c5af52103b429c6c63987ac0a65ea6ff","name":"Comunicaciones UCAB Guayana","image":{"@type":"ImageObject","inLanguage":"es","@id":"https:\/\/secure.gravatar.com\/avatar\/1c18876abbb50cb8b96fe2ea1a5f4b4234c08131186bcff5b1ebfd3ae8ee3d4a?s=96&d=identicon&r=g","url":"https:\/\/secure.gravatar.com\/avatar\/1c18876abbb50cb8b96fe2ea1a5f4b4234c08131186bcff5b1ebfd3ae8ee3d4a?s=96&d=identicon&r=g","contentUrl":"https:\/\/secure.gravatar.com\/avatar\/1c18876abbb50cb8b96fe2ea1a5f4b4234c08131186bcff5b1ebfd3ae8ee3d4a?s=96&d=identicon&r=g","caption":"Comunicaciones UCAB Guayana"},"url":"https:\/\/www.ucab.edu.ve\/guayana\/autor\/rurbanej\/"}]}},"_links":{"self":[{"href":"https:\/\/www.ucab.edu.ve\/guayana\/wp-json\/wp\/v2\/posts\/6815","targetHints":{"allow":["GET"]}}],"collection":[{"href":"https:\/\/www.ucab.edu.ve\/guayana\/wp-json\/wp\/v2\/posts"}],"about":[{"href":"https:\/\/www.ucab.edu.ve\/guayana\/wp-json\/wp\/v2\/types\/post"}],"author":[{"embeddable":true,"href":"https:\/\/www.ucab.edu.ve\/guayana\/wp-json\/wp\/v2\/users\/20"}],"replies":[{"embeddable":true,"href":"https:\/\/www.ucab.edu.ve\/guayana\/wp-json\/wp\/v2\/comments?post=6815"}],"version-history":[{"count":2,"href":"https:\/\/www.ucab.edu.ve\/guayana\/wp-json\/wp\/v2\/posts\/6815\/revisions"}],"predecessor-version":[{"id":6823,"href":"https:\/\/www.ucab.edu.ve\/guayana\/wp-json\/wp\/v2\/posts\/6815\/revisions\/6823"}],"wp:featuredmedia":[{"embeddable":true,"href":"https:\/\/www.ucab.edu.ve\/guayana\/wp-json\/wp\/v2\/media\/6817"}],"wp:attachment":[{"href":"https:\/\/www.ucab.edu.ve\/guayana\/wp-json\/wp\/v2\/media?parent=6815"}],"wp:term":[{"taxonomy":"category","embeddable":true,"href":"https:\/\/www.ucab.edu.ve\/guayana\/wp-json\/wp\/v2\/categories?post=6815"},{"taxonomy":"post_tag","embeddable":true,"href":"https:\/\/www.ucab.edu.ve\/guayana\/wp-json\/wp\/v2\/tags?post=6815"}],"curies":[{"name":"wp","href":"https:\/\/api.w.org\/{rel}","templated":true}]}}